{"id":1867,"date":"2025-02-03T11:29:36","date_gmt":"2025-02-03T14:29:36","guid":{"rendered":"https:\/\/pctp.org.uy\/?p=1867"},"modified":"2025-02-03T12:11:00","modified_gmt":"2025-02-03T15:11:00","slug":"apresentacao-da-nova-equipe-miem-no-parque-cientifico","status":"publish","type":"post","link":"http:\/\/pctp.org.uy\/pt\/geral\/apresentacao-da-nova-equipe-miem-no-parque-cientifico\/","title":{"rendered":"Apresenta\u00e7\u00e3o da nova equipe do MIEM no Science Park"},"content":{"rendered":"<p>Na quinta-feira, 22 de janeiro, o Parque de Ci\u00eancia e Tecnologia de Pando foi visitado pela presidente eleita Yamand\u00fa Orsi, juntamente com o Secret\u00e1rio da Presid\u00eancia Alejandro S\u00e1nchez e o Secret\u00e1rio Adjunto Jorge D\u00edaz, que, junto com a futura Ministra da Ind\u00fastria, Energia e Minera\u00e7\u00e3o, Fernanda Cardona, apresentaram a equipe que a acompanhar\u00e1 em sua administra\u00e7\u00e3o a partir de 1\u00ba de mar\u00e7o.<\/p>\n<p>&nbsp;<\/p>\n<p><img decoding=\"async\" class=\"aligncenter wp-image-1870 size-large\" src=\"https:\/\/pctp.org.uy\/web\/wp-content\/uploads\/2025\/02\/P1949490-1024x769.jpg\" alt=\"\" width=\"1024\" height=\"769\" srcset=\"https:\/\/pctp.org.uy\/web\/wp-content\/uploads\/2025\/02\/P1949490-1024x769.jpg 1024w, https:\/\/pctp.org.uy\/web\/wp-content\/uploads\/2025\/02\/P1949490-300x225.jpg 300w, https:\/\/pctp.org.uy\/web\/wp-content\/uploads\/2025\/02\/P1949490-768x576.jpg 768w, https:\/\/pctp.org.uy\/web\/wp-content\/uploads\/2025\/02\/P1949490-1536x1153.jpg 1536w, https:\/\/pctp.org.uy\/web\/wp-content\/uploads\/2025\/02\/P1949490-2048x1537.jpg 2048w, https:\/\/pctp.org.uy\/web\/wp-content\/uploads\/2025\/02\/P1949490-16x12.jpg 16w, https:\/\/pctp.org.uy\/web\/wp-content\/uploads\/2025\/02\/P1949490-350x263.jpg 350w, https:\/\/pctp.org.uy\/web\/wp-content\/uploads\/2025\/02\/P1949490-scaled.jpg 2560w\" sizes=\"(max-width: 1024px) 100vw, 1024px\" \/><\/p>\n<p>Orsi, que durante seu mandato como prefeito de Canelones foi, por um tempo, diretor do Parque Cient\u00edfico, apoiou o futuro ministro Cardona, que enfatizou \"...a import\u00e2ncia do Parque Cient\u00edfico para o futuro de Canelones\".<em>a import\u00e2ncia desses espa\u00e7os como um exemplo de colabora\u00e7\u00e3o entre pesquisa, desenvolvimento e inova\u00e7\u00e3o, com o apoio da academia, do setor empresarial e do Estado.<\/em>\".<\/p>\n<p>Do Science Park, celebramos esta reuni\u00e3o como uma nova oportunidade para consolidar alian\u00e7as estrat\u00e9gicas entre o governo, a academia e o setor produtivo, em busca de um Uruguai mais competitivo, inovador e sustent\u00e1vel.<\/p>\n<p><img decoding=\"async\" class=\"wp-image-1873 size-large aligncenter\" src=\"https:\/\/pctp.org.uy\/web\/wp-content\/uploads\/2025\/02\/P1949429-1024x769.jpg\" alt=\"\" width=\"1024\" height=\"769\" srcset=\"https:\/\/pctp.org.uy\/web\/wp-content\/uploads\/2025\/02\/P1949429-1024x769.jpg 1024w, https:\/\/pctp.org.uy\/web\/wp-content\/uploads\/2025\/02\/P1949429-300x225.jpg 300w, https:\/\/pctp.org.uy\/web\/wp-content\/uploads\/2025\/02\/P1949429-768x577.jpg 768w, https:\/\/pctp.org.uy\/web\/wp-content\/uploads\/2025\/02\/P1949429-1536x1153.jpg 1536w, https:\/\/pctp.org.uy\/web\/wp-content\/uploads\/2025\/02\/P1949429-2048x1537.jpg 2048w, https:\/\/pctp.org.uy\/web\/wp-content\/uploads\/2025\/02\/P1949429-16x12.jpg 16w, https:\/\/pctp.org.uy\/web\/wp-content\/uploads\/2025\/02\/P1949429-350x263.jpg 350w, https:\/\/pctp.org.uy\/web\/wp-content\/uploads\/2025\/02\/P1949429-scaled.jpg 2560w\" sizes=\"(max-width: 1024px) 100vw, 1024px\" \/><img decoding=\"async\" class=\"aligncenter wp-image-1874 size-large\" src=\"https:\/\/pctp.org.uy\/web\/wp-content\/uploads\/2025\/02\/P1949671-1024x682.jpg\" alt=\"\" width=\"1024\" height=\"682\" srcset=\"https:\/\/pctp.org.uy\/web\/wp-content\/uploads\/2025\/02\/P1949671-1024x682.jpg 1024w, https:\/\/pctp.org.uy\/web\/wp-content\/uploads\/2025\/02\/P1949671-300x200.jpg 300w, https:\/\/pctp.org.uy\/web\/wp-content\/uploads\/2025\/02\/P1949671-768x511.jpg 768w, https:\/\/pctp.org.uy\/web\/wp-content\/uploads\/2025\/02\/P1949671-1536x1023.jpg 1536w, https:\/\/pctp.org.uy\/web\/wp-content\/uploads\/2025\/02\/P1949671-2048x1364.jpg 2048w, https:\/\/pctp.org.uy\/web\/wp-content\/uploads\/2025\/02\/P1949671-18x12.jpg 18w, https:\/\/pctp.org.uy\/web\/wp-content\/uploads\/2025\/02\/P1949671-350x233.jpg 350w, https:\/\/pctp.org.uy\/web\/wp-content\/uploads\/2025\/02\/P1949671-scaled.jpg 2560w\" sizes=\"(max-width: 1024px) 100vw, 1024px\" \/> <img decoding=\"async\" class=\"aligncenter wp-image-1875 size-large\" src=\"https:\/\/pctp.org.uy\/web\/wp-content\/uploads\/2025\/02\/P1949516-1024x769.jpg\" alt=\"\" width=\"1024\" height=\"769\" srcset=\"https:\/\/pctp.org.uy\/web\/wp-content\/uploads\/2025\/02\/P1949516-1024x769.jpg 1024w, https:\/\/pctp.org.uy\/web\/wp-content\/uploads\/2025\/02\/P1949516-300x225.jpg 300w, https:\/\/pctp.org.uy\/web\/wp-content\/uploads\/2025\/02\/P1949516-768x577.jpg 768w, https:\/\/pctp.org.uy\/web\/wp-content\/uploads\/2025\/02\/P1949516-1536x1153.jpg 1536w, https:\/\/pctp.org.uy\/web\/wp-content\/uploads\/2025\/02\/P1949516-2048x1537.jpg 2048w, https:\/\/pctp.org.uy\/web\/wp-content\/uploads\/2025\/02\/P1949516-16x12.jpg 16w, https:\/\/pctp.org.uy\/web\/wp-content\/uploads\/2025\/02\/P1949516-350x263.jpg 350w, https:\/\/pctp.org.uy\/web\/wp-content\/uploads\/2025\/02\/P1949516-scaled.jpg 2560w\" sizes=\"(max-width: 1024px) 100vw, 1024px\" \/><\/p>","protected":false},"excerpt":{"rendered":"<p>Na \u00faltima quinta-feira, 22 de janeiro, o Parque de Ci\u00eancia e Tecnologia de Pando recebeu a visita do presidente eleito Yamand\u00fa [...]<\/p>","protected":false},"author":3,"featured_media":1871,"comment_status":"closed","ping_status":"closed","sticky":false,"template":"","format":"standard","meta":{"_acf_changed":false,"inline_featured_image":false,"_monsterinsights_skip_tracking":false,"_monsterinsights_sitenote_active":false,"_monsterinsights_sitenote_note":"","_monsterinsights_sitenote_category":0,"footnotes":""},"categories":[1],"tags":[],"class_list":["post-1867","post","type-post","status-publish","format-standard","has-post-thumbnail","hentry","category-general"],"acf":[],"_links":{"self":[{"href":"http:\/\/pctp.org.uy\/pt\/wp-json\/wp\/v2\/posts\/1867","targetHints":{"allow":["GET"]}}],"collection":[{"href":"http:\/\/pctp.org.uy\/pt\/wp-json\/wp\/v2\/posts"}],"about":[{"href":"http:\/\/pctp.org.uy\/pt\/wp-json\/wp\/v2\/types\/post"}],"author":[{"embeddable":true,"href":"http:\/\/pctp.org.uy\/pt\/wp-json\/wp\/v2\/users\/3"}],"replies":[{"embeddable":true,"href":"http:\/\/pctp.org.uy\/pt\/wp-json\/wp\/v2\/comments?post=1867"}],"version-history":[{"count":0,"href":"http:\/\/pctp.org.uy\/pt\/wp-json\/wp\/v2\/posts\/1867\/revisions"}],"wp:featuredmedia":[{"embeddable":true,"href":"http:\/\/pctp.org.uy\/pt\/wp-json\/wp\/v2\/media\/1871"}],"wp:attachment":[{"href":"http:\/\/pctp.org.uy\/pt\/wp-json\/wp\/v2\/media?parent=1867"}],"wp:term":[{"taxonomy":"category","embeddable":true,"href":"http:\/\/pctp.org.uy\/pt\/wp-json\/wp\/v2\/categories?post=1867"},{"taxonomy":"post_tag","embeddable":true,"href":"http:\/\/pctp.org.uy\/pt\/wp-json\/wp\/v2\/tags?post=1867"}],"curies":[{"name":"wp","href":"https:\/\/api.w.org\/{rel}","templated":true}]}}