{"id":2488,"date":"2026-04-24T18:10:56","date_gmt":"2026-04-24T21:10:56","guid":{"rendered":"https:\/\/pctp.org.uy\/?p=2488"},"modified":"2026-04-26T14:16:01","modified_gmt":"2026-04-26T17:16:01","slug":"el-pctp-y-tecnoparq-realizaron-un-webinar-sobre-el-ecosistema-brasileno-de-innovacion-y-las-oportunidades-de-cooperacion-regional","status":"publish","type":"post","link":"http:\/\/pctp.org.uy\/en\/general\/el-pctp-y-tecnoparq-realizaron-un-webinar-sobre-el-ecosistema-brasileno-de-innovacion-y-las-oportunidades-de-cooperacion-regional\/","title":{"rendered":"El Parque Cient\u00edfico y tecnoPARQ realizaron un webinar sobre el ecosistema brasile\u00f1o de innovaci\u00f3n y las oportunidades de cooperaci\u00f3n regional"},"content":{"rendered":"<p>La actividad reuni\u00f3 a referentes de Brasil y Uruguay para compartir informaci\u00f3n estrat\u00e9gica sobre pol\u00edticas p\u00fablicas, internacionalizaci\u00f3n, startups, parques tecnol\u00f3gicos y mecanismos de cooperaci\u00f3n entre ambos pa\u00edses.<\/p>\n<p>El Parque Cient\u00edfico y Tecnol\u00f3gico de Pando y el tecnoPARQ, Parque Tecnol\u00f3gico de la Universidade Federal de Vi\u00e7osa, realizaron el webinar <em>\u201cPanorama del Ecosistema de Innovaci\u00f3n Brasile\u00f1o y las Perspectivas de la Cooperaci\u00f3n Internacional\u201d<\/em>, una instancia orientada a acercar oportunidades de colaboraci\u00f3n entre empresas, startups, equipos de investigaci\u00f3n e instituciones vinculadas a la ciencia, la tecnolog\u00eda y la innovaci\u00f3n en Am\u00e9rica Latina.<\/p>\n<p>La actividad form\u00f3 parte del proceso de cooperaci\u00f3n entre ambas instituciones, que integran la Asociaci\u00f3n Internacional de Parques Cient\u00edficos y \u00c1reas de Innovaci\u00f3n (IASP)\u00a0 y vienen trabajando en una agenda com\u00fan para fortalecer la conexi\u00f3n entre los ecosistemas de innovaci\u00f3n de Uruguay y Brasil.<\/p>\n<p>Durante el encuentro, representantes institucionales de Brasil presentaron una mirada amplia sobre el desarrollo reciente del ecosistema brasile\u00f1o, sus principales capacidades, instrumentos de apoyo y estrategias de internacionalizaci\u00f3n. Participaron como expositores <strong>Vinicius Bastos da Cruz<\/strong>, oficial de Canciller\u00eda del Ministerio de Relaciones Exteriores de Brasil, Divisi\u00f3n de Ciencia, Tecnolog\u00eda e Innovaci\u00f3n; <strong>Lucas Mendes<\/strong>, subsecretario de Ciencia, Tecnolog\u00eda e Innovaci\u00f3n de la Secretar\u00eda de Estado para el Desarrollo Econ\u00f3mico de Minas Gerais; y <strong>Ang\u00e9lica Patarroyo<\/strong>, agente de internacionalizaci\u00f3n de tecnoPARQ.<\/p>\n<p>Uno de los ejes de la presentaci\u00f3n estuvo centrado en la escala y diversidad del ecosistema brasile\u00f1o. Se destac\u00f3 que Brasil cuenta con una trayectoria sostenida de fortalecimiento de sus capacidades cient\u00edficas, tecnol\u00f3gicas y empresariales, con una red integrada por incubadoras, parques tecnol\u00f3gicos, aceleradoras, universidades, centros de investigaci\u00f3n, empresas y organismos p\u00fablicos. Tambi\u00e9n se subray\u00f3 el peso de sectores como agroinnovaci\u00f3n, salud, fintech, educaci\u00f3n digital, biotecnolog\u00eda, inteligencia artificial, energ\u00eda y tecnolog\u00edas aplicadas al desarrollo productivo.<\/p>\n<p>La exposici\u00f3n abord\u00f3, adem\u00e1s, el papel de la diplomacia de la innovaci\u00f3n impulsada por <strong><em>Itamaraty<\/em><\/strong> (<strong class=\"Yjhzub\" data-sfc-root=\"c\" data-sfc-cb=\"\">Ministerio de Relaciones Exteriores de Brasil<\/strong>), orientada a posicionar a Brasil como un pa\u00eds productor de conocimiento, tecnolog\u00eda e innovaci\u00f3n, as\u00ed como a facilitar la conexi\u00f3n entre actores brasile\u00f1os y extranjeros. En ese marco, se presentaron herramientas como mapeos de ecosistemas, estudios de mercado, misiones tecnol\u00f3gicas, programas de incubaci\u00f3n cruzada, participaci\u00f3n en ferias internacionales y mecanismos de vinculaci\u00f3n entre startups, centros de investigaci\u00f3n, empresas e instituciones p\u00fablicas.<\/p>\n<p>Desde la <strong>Secretar\u00eda de Estado para el Desarrollo Econ\u00f3mico de Minas Gerais<\/strong> se compartieron distintos instrumentos de pol\u00edtica p\u00fablica orientados a impulsar la innovaci\u00f3n, la competitividad empresarial, la descentralizaci\u00f3n territorial y la conexi\u00f3n entre soluciones tecnol\u00f3gicas y desaf\u00edos p\u00fablicos. Entre los programas mencionados se incluyeron iniciativas de subvenci\u00f3n econ\u00f3mica, aceleraci\u00f3n de startups, innovaci\u00f3n abierta para la administraci\u00f3n p\u00fablica, l\u00edneas de cr\u00e9dito y convocatorias vinculadas a cambio clim\u00e1tico, desarrollo productivo y fortalecimiento regional.<\/p>\n<p>Por su parte, <strong>tecnoPARQ<\/strong> present\u00f3 el rol de los parques tecnol\u00f3gicos como plataformas de articulaci\u00f3n entre conocimiento, mercado y gobierno. En particular, se destac\u00f3 su trabajo en procesos de incubaci\u00f3n, residencia empresarial, internacionalizaci\u00f3n y soft landing, con foco en facilitar la entrada de empresas extranjeras al mercado brasile\u00f1o y, al mismo tiempo, apoyar a empresas brasile\u00f1as interesadas en explorar otros mercados.<\/p>\n<p>El webinar tambi\u00e9n permiti\u00f3 intercambiar preguntas y experiencias concretas sobre los desaf\u00edos que enfrentan las empresas uruguayas al momento de ingresar al mercado brasile\u00f1o, especialmente en relaci\u00f3n con la identificaci\u00f3n de interlocutores, el acceso a programas p\u00fablicos, la articulaci\u00f3n con consulados y embajadas, y la comprensi\u00f3n de las particularidades culturales, regulatorias e institucionales de cada territorio.<\/p>\n<p>Para el <strong>Science Park<\/strong>, esta instancia se inscribe en una l\u00ednea de trabajo orientada a generar informaci\u00f3n estrat\u00e9gica, ampliar redes de cooperaci\u00f3n y acercar oportunidades concretas de internacionalizaci\u00f3n a las empresas y proyectos nacionales. La alianza con tecnoPARQ permite avanzar en una agenda regional que reconoce la complementariedad entre los ecosistemas de Uruguay y Brasil, y que busca facilitar nuevas conexiones para el desarrollo de proyectos de innovaci\u00f3n, transferencia tecnol\u00f3gica y expansi\u00f3n empresarial.<\/p>\n<p>El encuentro da continuidad a una primera actividad realizada a fines de 2025, centrada en la presentaci\u00f3n del ecosistema uruguayo de ciencia, tecnolog\u00eda e innovaci\u00f3n, y consolida una agenda bilateral que busca profundizar el conocimiento mutuo entre instituciones, empresas, startups y equipos de investigaci\u00f3n de ambos pa\u00edses.<\/p>","protected":false},"excerpt":{"rendered":"<p>La actividad reuni\u00f3 a referentes de Brasil y Uruguay para compartir informaci\u00f3n estrat\u00e9gica sobre pol\u00edticas p\u00fablicas, internacionalizaci\u00f3n, startups, parques tecnol\u00f3gicos [&hellip;]<\/p>","protected":false},"author":3,"featured_media":2489,"comment_status":"closed","ping_status":"closed","sticky":false,"template":"","format":"standard","meta":{"_acf_changed":false,"inline_featured_image":false,"_monsterinsights_skip_tracking":false,"_monsterinsights_sitenote_active":false,"_monsterinsights_sitenote_note":"","_monsterinsights_sitenote_category":0,"footnotes":""},"categories":[1],"tags":[],"class_list":["post-2488","post","type-post","status-publish","format-standard","has-post-thumbnail","hentry","category-general"],"acf":[],"_links":{"self":[{"href":"http:\/\/pctp.org.uy\/en\/wp-json\/wp\/v2\/posts\/2488","targetHints":{"allow":["GET"]}}],"collection":[{"href":"http:\/\/pctp.org.uy\/en\/wp-json\/wp\/v2\/posts"}],"about":[{"href":"http:\/\/pctp.org.uy\/en\/wp-json\/wp\/v2\/types\/post"}],"author":[{"embeddable":true,"href":"http:\/\/pctp.org.uy\/en\/wp-json\/wp\/v2\/users\/3"}],"replies":[{"embeddable":true,"href":"http:\/\/pctp.org.uy\/en\/wp-json\/wp\/v2\/comments?post=2488"}],"version-history":[{"count":1,"href":"http:\/\/pctp.org.uy\/en\/wp-json\/wp\/v2\/posts\/2488\/revisions"}],"predecessor-version":[{"id":2490,"href":"http:\/\/pctp.org.uy\/en\/wp-json\/wp\/v2\/posts\/2488\/revisions\/2490"}],"wp:featuredmedia":[{"embeddable":true,"href":"http:\/\/pctp.org.uy\/en\/wp-json\/wp\/v2\/media\/2489"}],"wp:attachment":[{"href":"http:\/\/pctp.org.uy\/en\/wp-json\/wp\/v2\/media?parent=2488"}],"wp:term":[{"taxonomy":"category","embeddable":true,"href":"http:\/\/pctp.org.uy\/en\/wp-json\/wp\/v2\/categories?post=2488"},{"taxonomy":"post_tag","embeddable":true,"href":"http:\/\/pctp.org.uy\/en\/wp-json\/wp\/v2\/tags?post=2488"}],"curies":[{"name":"wp","href":"https:\/\/api.w.org\/{rel}","templated":true}]}}