{"id":1867,"date":"2025-02-03T11:29:36","date_gmt":"2025-02-03T14:29:36","guid":{"rendered":"https:\/\/pctp.org.uy\/?p=1867"},"modified":"2025-02-03T12:11:00","modified_gmt":"2025-02-03T15:11:00","slug":"presentation-of-the-new-miem-equipment-at-the-science-park","status":"publish","type":"post","link":"http:\/\/pctp.org.uy\/en\/general\/presentation-of-the-new-miem-equipment-at-the-science-park\/","title":{"rendered":"Presentation of the new MIEM team at the Science Park"},"content":{"rendered":"<p>Last Thursday, January 22, the Science and Technology Park of Pando was visited by President-elect Yamand\u00fa Orsi, together with the Secretary of the Presidency, Alejandro S\u00e1nchez, and the Deputy Secretary, Jorge D\u00edaz, who, together with the future Minister of Industry, Energy and Mining, Fernanda Cardona, presented the team that will accompany her in her administration as of March 1.<\/p>\n<p>&nbsp;<\/p>\n<p><img decoding=\"async\" class=\"aligncenter wp-image-1870 size-large\" src=\"https:\/\/pctp.org.uy\/web\/wp-content\/uploads\/2025\/02\/P1949490-1024x769.jpg\" alt=\"\" width=\"1024\" height=\"769\" srcset=\"https:\/\/pctp.org.uy\/web\/wp-content\/uploads\/2025\/02\/P1949490-1024x769.jpg 1024w, https:\/\/pctp.org.uy\/web\/wp-content\/uploads\/2025\/02\/P1949490-300x225.jpg 300w, https:\/\/pctp.org.uy\/web\/wp-content\/uploads\/2025\/02\/P1949490-768x576.jpg 768w, https:\/\/pctp.org.uy\/web\/wp-content\/uploads\/2025\/02\/P1949490-1536x1153.jpg 1536w, https:\/\/pctp.org.uy\/web\/wp-content\/uploads\/2025\/02\/P1949490-2048x1537.jpg 2048w, https:\/\/pctp.org.uy\/web\/wp-content\/uploads\/2025\/02\/P1949490-16x12.jpg 16w, https:\/\/pctp.org.uy\/web\/wp-content\/uploads\/2025\/02\/P1949490-350x263.jpg 350w, https:\/\/pctp.org.uy\/web\/wp-content\/uploads\/2025\/02\/P1949490-scaled.jpg 2560w\" sizes=\"(max-width: 1024px) 100vw, 1024px\" \/><\/p>\n<p>Orsi, who during his term as Mayor of Canelones, was for a time the director of the Science Park, supported the future Minister Cardona, who emphasized \"...the importance of the Science Park for the development of the region.<em>the importance of these spaces as an example of collaboration between research, development and innovation, supported by academia, the business sector and the State.<\/em>\".<\/p>\n<p>From the Science Park, we celebrate this meeting as a new opportunity to consolidate strategic alliances between the government, the academic sector and the productive sector, in pursuit of a more competitive, innovative and sustainable Uruguay.<\/p>\n<p><img decoding=\"async\" class=\"wp-image-1873 size-large aligncenter\" src=\"https:\/\/pctp.org.uy\/web\/wp-content\/uploads\/2025\/02\/P1949429-1024x769.jpg\" alt=\"\" width=\"1024\" height=\"769\" srcset=\"https:\/\/pctp.org.uy\/web\/wp-content\/uploads\/2025\/02\/P1949429-1024x769.jpg 1024w, https:\/\/pctp.org.uy\/web\/wp-content\/uploads\/2025\/02\/P1949429-300x225.jpg 300w, https:\/\/pctp.org.uy\/web\/wp-content\/uploads\/2025\/02\/P1949429-768x577.jpg 768w, https:\/\/pctp.org.uy\/web\/wp-content\/uploads\/2025\/02\/P1949429-1536x1153.jpg 1536w, https:\/\/pctp.org.uy\/web\/wp-content\/uploads\/2025\/02\/P1949429-2048x1537.jpg 2048w, https:\/\/pctp.org.uy\/web\/wp-content\/uploads\/2025\/02\/P1949429-16x12.jpg 16w, https:\/\/pctp.org.uy\/web\/wp-content\/uploads\/2025\/02\/P1949429-350x263.jpg 350w, https:\/\/pctp.org.uy\/web\/wp-content\/uploads\/2025\/02\/P1949429-scaled.jpg 2560w\" sizes=\"(max-width: 1024px) 100vw, 1024px\" \/><img decoding=\"async\" class=\"aligncenter wp-image-1874 size-large\" src=\"https:\/\/pctp.org.uy\/web\/wp-content\/uploads\/2025\/02\/P1949671-1024x682.jpg\" alt=\"\" width=\"1024\" height=\"682\" srcset=\"https:\/\/pctp.org.uy\/web\/wp-content\/uploads\/2025\/02\/P1949671-1024x682.jpg 1024w, https:\/\/pctp.org.uy\/web\/wp-content\/uploads\/2025\/02\/P1949671-300x200.jpg 300w, https:\/\/pctp.org.uy\/web\/wp-content\/uploads\/2025\/02\/P1949671-768x511.jpg 768w, https:\/\/pctp.org.uy\/web\/wp-content\/uploads\/2025\/02\/P1949671-1536x1023.jpg 1536w, https:\/\/pctp.org.uy\/web\/wp-content\/uploads\/2025\/02\/P1949671-2048x1364.jpg 2048w, https:\/\/pctp.org.uy\/web\/wp-content\/uploads\/2025\/02\/P1949671-18x12.jpg 18w, https:\/\/pctp.org.uy\/web\/wp-content\/uploads\/2025\/02\/P1949671-350x233.jpg 350w, https:\/\/pctp.org.uy\/web\/wp-content\/uploads\/2025\/02\/P1949671-scaled.jpg 2560w\" sizes=\"(max-width: 1024px) 100vw, 1024px\" \/> <img decoding=\"async\" class=\"aligncenter wp-image-1875 size-large\" src=\"https:\/\/pctp.org.uy\/web\/wp-content\/uploads\/2025\/02\/P1949516-1024x769.jpg\" alt=\"\" width=\"1024\" height=\"769\" srcset=\"https:\/\/pctp.org.uy\/web\/wp-content\/uploads\/2025\/02\/P1949516-1024x769.jpg 1024w, https:\/\/pctp.org.uy\/web\/wp-content\/uploads\/2025\/02\/P1949516-300x225.jpg 300w, https:\/\/pctp.org.uy\/web\/wp-content\/uploads\/2025\/02\/P1949516-768x577.jpg 768w, https:\/\/pctp.org.uy\/web\/wp-content\/uploads\/2025\/02\/P1949516-1536x1153.jpg 1536w, https:\/\/pctp.org.uy\/web\/wp-content\/uploads\/2025\/02\/P1949516-2048x1537.jpg 2048w, https:\/\/pctp.org.uy\/web\/wp-content\/uploads\/2025\/02\/P1949516-16x12.jpg 16w, https:\/\/pctp.org.uy\/web\/wp-content\/uploads\/2025\/02\/P1949516-350x263.jpg 350w, https:\/\/pctp.org.uy\/web\/wp-content\/uploads\/2025\/02\/P1949516-scaled.jpg 2560w\" sizes=\"(max-width: 1024px) 100vw, 1024px\" \/><\/p>","protected":false},"excerpt":{"rendered":"<p>Last Thursday, January 22, the Science and Technology Park of Pando received the visit of President-elect Yamandu [...]<\/p>","protected":false},"author":3,"featured_media":1871,"comment_status":"closed","ping_status":"closed","sticky":false,"template":"","format":"standard","meta":{"_acf_changed":false,"inline_featured_image":false,"_monsterinsights_skip_tracking":false,"_monsterinsights_sitenote_active":false,"_monsterinsights_sitenote_note":"","_monsterinsights_sitenote_category":0,"footnotes":""},"categories":[1],"tags":[],"class_list":["post-1867","post","type-post","status-publish","format-standard","has-post-thumbnail","hentry","category-general"],"acf":[],"_links":{"self":[{"href":"http:\/\/pctp.org.uy\/en\/wp-json\/wp\/v2\/posts\/1867","targetHints":{"allow":["GET"]}}],"collection":[{"href":"http:\/\/pctp.org.uy\/en\/wp-json\/wp\/v2\/posts"}],"about":[{"href":"http:\/\/pctp.org.uy\/en\/wp-json\/wp\/v2\/types\/post"}],"author":[{"embeddable":true,"href":"http:\/\/pctp.org.uy\/en\/wp-json\/wp\/v2\/users\/3"}],"replies":[{"embeddable":true,"href":"http:\/\/pctp.org.uy\/en\/wp-json\/wp\/v2\/comments?post=1867"}],"version-history":[{"count":0,"href":"http:\/\/pctp.org.uy\/en\/wp-json\/wp\/v2\/posts\/1867\/revisions"}],"wp:featuredmedia":[{"embeddable":true,"href":"http:\/\/pctp.org.uy\/en\/wp-json\/wp\/v2\/media\/1871"}],"wp:attachment":[{"href":"http:\/\/pctp.org.uy\/en\/wp-json\/wp\/v2\/media?parent=1867"}],"wp:term":[{"taxonomy":"category","embeddable":true,"href":"http:\/\/pctp.org.uy\/en\/wp-json\/wp\/v2\/categories?post=1867"},{"taxonomy":"post_tag","embeddable":true,"href":"http:\/\/pctp.org.uy\/en\/wp-json\/wp\/v2\/tags?post=1867"}],"curies":[{"name":"wp","href":"https:\/\/api.w.org\/{rel}","templated":true}]}}